{"id":2,"count":0,"description":"<h2><strong>Tarifs Chalets \u00e0 la semaine <\/strong><\/h2>\r\n<h2><strong>(samedi au samedi)<\/strong><\/h2>\r\n<table border=\"0\" cellspacing=\"0\"><colgroup width=\"84\"><\/colgroup> <colgroup width=\"75\"><\/colgroup> <colgroup span=\"3\" width=\"105\"><\/colgroup>\r\n<tbody>\r\n<tr>\r\n<td align=\"center\" valign=\"middle\" bgcolor=\"#e6e6ff\" height=\"47\"><\/td>\r\n<td align=\"center\" valign=\"middle\" bgcolor=\"#e6e6ff\">Nombre de personnes<\/td>\r\n<td align=\"center\" valign=\"middle\" bgcolor=\"#e6e6ff\">Oct \u00e0 Mai<\/td>\r\n<td align=\"center\" valign=\"middle\" bgcolor=\"#e6e6ff\">Juin, Septembre<\/td>\r\n<td align=\"center\" valign=\"middle\" bgcolor=\"#e6e6ff\">Juillet, A\u00f4ut*<\/td>\r\n<\/tr>\r\n<tr>\r\n<td align=\"center\" valign=\"middle\" bgcolor=\"#e6e6ff\" height=\"20\">Chalet 35m2<\/td>\r\n<td align=\"center\" valign=\"middle\" bgcolor=\"#e6e6ff\">1-4<\/td>\r\n<td align=\"center\" valign=\"middle\">190 \u20ac<\/td>\r\n<td align=\"center\" valign=\"middle\">250 \u20ac<\/td>\r\n<td align=\"center\" valign=\"middle\">390 \u20ac<\/td>\r\n<\/tr>\r\n<tr>\r\n<td align=\"center\" valign=\"middle\" bgcolor=\"#e6e6ff\" height=\"20\">Chalet 44m2<\/td>\r\n<td align=\"center\" valign=\"middle\" bgcolor=\"#e6e6ff\">4-6<\/td>\r\n<td align=\"center\" valign=\"middle\">220 \u20ac<\/td>\r\n<td align=\"center\" valign=\"middle\">280 \u20ac<\/td>\r\n<td align=\"center\" valign=\"middle\">530 \u20ac<\/td>\r\n<\/tr>\r\n<\/tbody>\r\n<\/table>\r\n<em>(*) 1\u00e8re semaine de Juillet et derni\u00e8re semaine d\u2019Ao\u00fbt 90\u20ac de moins<\/em>\r\n<ul>\r\n \t<li>Charges et draps compris<\/li>\r\n \t<li>M\u00e9nage en fin de s\u00e9jour (Obligatoire) : 35 \u20ac<\/li>\r\n \t<li>Prestations suppl\u00e9mentaires\r\n<ul>\r\n \t<li>Location linges de toilette : 4 \u20ac \/ semaine \/ pers.<\/li>\r\n \t<li>Lit b\u00e9b\u00e9 : 18 \u20ac \/ semaine.<\/li>\r\n \t<li>Animal domestique : 4.50 \u20ac \/ jour.<\/li>\r\n \t<li>Cas Particuliers (location longue dur\u00e9e, demi-pension, chambre seule), nous contacter.<img class=\"alignnone size-medium wp-image-419\" src=\"https:\/\/chalets-capdenac.fr\/wp-content\/uploads\/2016\/04\/chalet_desc-300x229.jpg\" alt=\"\" width=\"300\" height=\"229\" \/><\/li>\r\n<\/ul>\r\n<\/li>\r\n<\/ul>\r\n\r\n<hr \/>","link":"https:\/\/chalets-capdenac.fr\/index.php\/category\/tarifs-chalets\/","name":"Tarifs Chalets","slug":"tarifs-chalets","taxonomy":"category","parent":0,"meta":[],"yoast_head":"<!-- This site is optimized with the Yoast SEO plugin v21.8 - https:\/\/yoast.com\/wordpress\/plugins\/seo\/ -->\n<title>Archives des Tarifs Chalets - Chalets Capdenac Figeac<\/title>\n<meta name=\"robots\" content=\"index, follow, max-snippet:-1, max-image-preview:large, max-video-preview:-1\" \/>\n<link rel=\"canonical\" href=\"https:\/\/chalets-capdenac.fr\/index.php\/category\/tarifs-chalets\/\" \/>\n<meta property=\"og:locale\" content=\"fr_FR\" \/>\n<meta property=\"og:type\" content=\"article\" \/>\n<meta property=\"og:title\" content=\"Archives des Tarifs Chalets - Chalets Capdenac Figeac\" \/>\n<meta property=\"og:description\" content=\"Tarifs Chalets \u00e0 la semaine (samedi au samedi)    Nombre de personnes Oct \u00e0 Mai Juin, Septembre Juillet, A\u00f4ut*  Chalet 35m2 1-4 190 \u20ac 250 \u20ac 390 \u20ac  Chalet 44m2 4-6 220 \u20ac 280 \u20ac 530 \u20ac  (*) 1\u00e8re semaine de Juillet et derni\u00e8re semaine d\u2019Ao\u00fbt 90\u20ac de moins Charges et draps compris M\u00e9nage en fin de s\u00e9jour (Obligatoire) : 35 \u20ac Prestations suppl\u00e9mentaires Location linges de toilette : 4 \u20ac \/ semaine \/ pers. Lit b\u00e9b\u00e9 : 18 \u20ac \/ semaine. Animal domestique : 4.50 \u20ac \/ jour. Cas Particuliers (location longue dur\u00e9e, demi-pension, chambre seule), nous contacter.\" \/>\n<meta property=\"og:url\" content=\"https:\/\/chalets-capdenac.fr\/index.php\/category\/tarifs-chalets\/\" \/>\n<meta property=\"og:site_name\" content=\"Chalets Capdenac Figeac\" \/>\n<meta name=\"twitter:card\" content=\"summary_large_image\" \/>\n<script type=\"application\/ld+json\" class=\"yoast-schema-graph\">{\"@context\":\"https:\/\/schema.org\",\"@graph\":[{\"@type\":\"CollectionPage\",\"@id\":\"https:\/\/chalets-capdenac.fr\/index.php\/category\/tarifs-chalets\/\",\"url\":\"https:\/\/chalets-capdenac.fr\/index.php\/category\/tarifs-chalets\/\",\"name\":\"Archives des Tarifs Chalets - Chalets Capdenac Figeac\",\"isPartOf\":{\"@id\":\"https:\/\/chalets-capdenac.fr\/#website\"},\"breadcrumb\":{\"@id\":\"https:\/\/chalets-capdenac.fr\/index.php\/category\/tarifs-chalets\/#breadcrumb\"},\"inLanguage\":\"fr-FR\"},{\"@type\":\"BreadcrumbList\",\"@id\":\"https:\/\/chalets-capdenac.fr\/index.php\/category\/tarifs-chalets\/#breadcrumb\",\"itemListElement\":[{\"@type\":\"ListItem\",\"position\":1,\"name\":\"Accueil\",\"item\":\"https:\/\/chalets-capdenac.fr\/\"},{\"@type\":\"ListItem\",\"position\":2,\"name\":\"Tarifs Chalets\"}]},{\"@type\":\"WebSite\",\"@id\":\"https:\/\/chalets-capdenac.fr\/#website\",\"url\":\"https:\/\/chalets-capdenac.fr\/\",\"name\":\"Chalets Capdenac Figeac\",\"description\":\"Votre s\u00e9jour en chalets\",\"publisher\":{\"@id\":\"https:\/\/chalets-capdenac.fr\/#organization\"},\"potentialAction\":[{\"@type\":\"SearchAction\",\"target\":{\"@type\":\"EntryPoint\",\"urlTemplate\":\"https:\/\/chalets-capdenac.fr\/?s={search_term_string}\"},\"query-input\":\"required name=search_term_string\"}],\"inLanguage\":\"fr-FR\"},{\"@type\":\"Organization\",\"@id\":\"https:\/\/chalets-capdenac.fr\/#organization\",\"name\":\"Chalets Capdenac Figeac\",\"url\":\"https:\/\/chalets-capdenac.fr\/\",\"logo\":{\"@type\":\"ImageObject\",\"inLanguage\":\"fr-FR\",\"@id\":\"https:\/\/chalets-capdenac.fr\/#\/schema\/logo\/image\/\",\"url\":\"https:\/\/chalets-capdenac.fr\/wp-content\/uploads\/2020\/02\/cropped-logo-chal.png\",\"contentUrl\":\"https:\/\/chalets-capdenac.fr\/wp-content\/uploads\/2020\/02\/cropped-logo-chal.png\",\"width\":248,\"height\":97,\"caption\":\"Chalets Capdenac Figeac\"},\"image\":{\"@id\":\"https:\/\/chalets-capdenac.fr\/#\/schema\/logo\/image\/\"}}]}<\/script>\n<!-- \/ Yoast SEO plugin. -->","yoast_head_json":{"title":"Archives des Tarifs Chalets - Chalets Capdenac Figeac","robots":{"index":"index","follow":"follow","max-snippet":"max-snippet:-1","max-image-preview":"max-image-preview:large","max-video-preview":"max-video-preview:-1"},"canonical":"https:\/\/chalets-capdenac.fr\/index.php\/category\/tarifs-chalets\/","og_locale":"fr_FR","og_type":"article","og_title":"Archives des Tarifs Chalets - Chalets Capdenac Figeac","og_description":"Tarifs Chalets \u00e0 la semaine (samedi au samedi)    Nombre de personnes Oct \u00e0 Mai Juin, Septembre Juillet, A\u00f4ut*  Chalet 35m2 1-4 190 \u20ac 250 \u20ac 390 \u20ac  Chalet 44m2 4-6 220 \u20ac 280 \u20ac 530 \u20ac  (*) 1\u00e8re semaine de Juillet et derni\u00e8re semaine d\u2019Ao\u00fbt 90\u20ac de moins Charges et draps compris M\u00e9nage en fin de s\u00e9jour (Obligatoire) : 35 \u20ac Prestations suppl\u00e9mentaires Location linges de toilette : 4 \u20ac \/ semaine \/ pers. Lit b\u00e9b\u00e9 : 18 \u20ac \/ semaine. Animal domestique : 4.50 \u20ac \/ jour. Cas Particuliers (location longue dur\u00e9e, demi-pension, chambre seule), nous contacter.","og_url":"https:\/\/chalets-capdenac.fr\/index.php\/category\/tarifs-chalets\/","og_site_name":"Chalets Capdenac Figeac","twitter_card":"summary_large_image","schema":{"@context":"https:\/\/schema.org","@graph":[{"@type":"CollectionPage","@id":"https:\/\/chalets-capdenac.fr\/index.php\/category\/tarifs-chalets\/","url":"https:\/\/chalets-capdenac.fr\/index.php\/category\/tarifs-chalets\/","name":"Archives des Tarifs Chalets - Chalets Capdenac Figeac","isPartOf":{"@id":"https:\/\/chalets-capdenac.fr\/#website"},"breadcrumb":{"@id":"https:\/\/chalets-capdenac.fr\/index.php\/category\/tarifs-chalets\/#breadcrumb"},"inLanguage":"fr-FR"},{"@type":"BreadcrumbList","@id":"https:\/\/chalets-capdenac.fr\/index.php\/category\/tarifs-chalets\/#breadcrumb","itemListElement":[{"@type":"ListItem","position":1,"name":"Accueil","item":"https:\/\/chalets-capdenac.fr\/"},{"@type":"ListItem","position":2,"name":"Tarifs Chalets"}]},{"@type":"WebSite","@id":"https:\/\/chalets-capdenac.fr\/#website","url":"https:\/\/chalets-capdenac.fr\/","name":"Chalets Capdenac Figeac","description":"Votre s\u00e9jour en chalets","publisher":{"@id":"https:\/\/chalets-capdenac.fr\/#organization"},"potentialAction":[{"@type":"SearchAction","target":{"@type":"EntryPoint","urlTemplate":"https:\/\/chalets-capdenac.fr\/?s={search_term_string}"},"query-input":"required name=search_term_string"}],"inLanguage":"fr-FR"},{"@type":"Organization","@id":"https:\/\/chalets-capdenac.fr\/#organization","name":"Chalets Capdenac Figeac","url":"https:\/\/chalets-capdenac.fr\/","logo":{"@type":"ImageObject","inLanguage":"fr-FR","@id":"https:\/\/chalets-capdenac.fr\/#\/schema\/logo\/image\/","url":"https:\/\/chalets-capdenac.fr\/wp-content\/uploads\/2020\/02\/cropped-logo-chal.png","contentUrl":"https:\/\/chalets-capdenac.fr\/wp-content\/uploads\/2020\/02\/cropped-logo-chal.png","width":248,"height":97,"caption":"Chalets Capdenac Figeac"},"image":{"@id":"https:\/\/chalets-capdenac.fr\/#\/schema\/logo\/image\/"}}]}},"_links":{"self":[{"href":"https:\/\/chalets-capdenac.fr\/index.php\/wp-json\/wp\/v2\/categories\/2"}],"collection":[{"href":"https:\/\/chalets-capdenac.fr\/index.php\/wp-json\/wp\/v2\/categories"}],"about":[{"href":"https:\/\/chalets-capdenac.fr\/index.php\/wp-json\/wp\/v2\/taxonomies\/category"}],"wp:post_type":[{"href":"https:\/\/chalets-capdenac.fr\/index.php\/wp-json\/wp\/v2\/posts?categories=2"}],"curies":[{"name":"wp","href":"https:\/\/api.w.org\/{rel}","templated":true}]}}